{"id":1982,"date":"2022-04-28T10:14:30","date_gmt":"2022-04-28T10:14:30","guid":{"rendered":"https:\/\/mandilla.hu\/?p=1982"},"modified":"2022-04-28T10:28:18","modified_gmt":"2022-04-28T10:28:18","slug":"turaajanlo","status":"publish","type":"post","link":"https:\/\/mandilla.hu\/index.php\/2022\/04\/28\/turaajanlo\/","title":{"rendered":"T\u00faraaj\u00e1nl\u00f3"},"content":{"rendered":"<p>[vc_row][vc_column] <h3 style=\"color:; padding:px; text-align:; font-size:px; line-height:px; letter-spacing: px; font-weight:lighter;\" class=\"    \">Hegyest\u0171 Geol\u00f3giai Bemutat\u00f3hely \/ Monoszl\u00f3<\/h3> <div style=\"background-color:; height: 10px;\" class=\"nicdark_section  \"><\/div>[vc_column_text]Pazar kil\u00e1t\u00e1s egy bazaltvulk\u00e1nr\u00f3l, s\u00e9ta az egykori kr\u00e1terben, Dun\u00e1nt\u00fali K\u0151t\u00e1r \u2013 Balaton-felvid\u00e9ki Nemzeti Park bemutat\u00f3helye.[\/vc_column_text]<div style=\"background-color:; height: 10px;\" class=\"nicdark_section  \"><\/div>\n    <div style=\"text-align:left;\" class=\"nd_options_section\">\n      <img decoding=\"async\" alt=\"\" style=\"width:70%;\" class=\" nd_options_margin_0 nd_options_padding_0 \" src=\"https:\/\/mandilla.hu\/wp-content\/uploads\/2022\/04\/mandilla-hegyestu.jpg\">\n    <\/div>\n   <div style=\"background-color:; height: 30px;\" class=\"nicdark_section  \"><\/div>[\/vc_column][\/vc_row][vc_row][vc_column] <h3 style=\"color:; padding:px; text-align:; font-size:px; line-height:px; letter-spacing: px; font-weight:lighter;\" class=\"    \">D\u00f6rgicsei Templomromok<\/h3> <div style=\"background-color:; height: 10px;\" class=\"nicdark_section  \"><\/div>[vc_column_text]Egy telep\u00fcl\u00e9s 3 templomrom \/ <a href=\"https:\/\/varlexikon.hu\/dorgicse\">R\u00c9SZLETEK<\/a>[\/vc_column_text]<div style=\"background-color:; height: 10px;\" class=\"nicdark_section  \"><\/div>\n    <div style=\"text-align:left;\" class=\"nd_options_section\">\n      <img decoding=\"async\" alt=\"\" style=\"width:70%;\" class=\" nd_options_margin_0 nd_options_padding_0 \" src=\"https:\/\/mandilla.hu\/wp-content\/uploads\/2022\/04\/mandilla-dorgicse-templomrom.jpg\">\n    <\/div>\n   <div style=\"background-color:; height: 30px;\" class=\"nicdark_section  \"><\/div>[\/vc_column][\/vc_row][vc_row][vc_column] <h3 style=\"color:; padding:px; text-align:; font-size:px; line-height:px; letter-spacing: px; font-weight:lighter;\" class=\"    \">Csodabogy\u00f3s Barlang \u2013 Balatonederics<\/h3> <div style=\"background-color:; height: 10px;\" class=\"nicdark_section  \"><\/div>[vc_column_text]Overallos t\u00far\u00e1k a Keszthelyi-hegys\u00e9g fokozottan v\u00e9dett barlangj\u00e1ban (10 \u00e9ves kort\u00f3l)[\/vc_column_text]<div style=\"background-color:; height: 10px;\" class=\"nicdark_section  \"><\/div>\n    <div style=\"text-align:left;\" class=\"nd_options_section\">\n      <img decoding=\"async\" alt=\"\" style=\"width:70%;\" class=\" nd_options_margin_0 nd_options_padding_0 \" src=\"https:\/\/mandilla.hu\/wp-content\/uploads\/2022\/04\/mandilla-csodabogyos-barlang.jpg\">\n    <\/div>\n   <div style=\"background-color:; height: 30px;\" class=\"nicdark_section  \"><\/div>[\/vc_column][\/vc_row][vc_row][vc_column] <h3 style=\"color:; padding:px; text-align:; font-size:px; line-height:px; letter-spacing: px; font-weight:lighter;\" class=\"    \">K\u00e1li-medence tan\u00f6sv\u00e9nyei<\/h3> <div style=\"background-color:; height: 10px;\" class=\"nicdark_section  \"><\/div>[vc_column_text]<a href=\"https:\/\/www.bfnp.hu\/hu\/tanosveny\/kali-medence-tanosvenyek\">R\u00c9SZLETEK<\/a>[\/vc_column_text]<div style=\"background-color:; height: 10px;\" class=\"nicdark_section  \"><\/div>\n    <div style=\"text-align:left;\" class=\"nd_options_section\">\n      <img decoding=\"async\" alt=\"\" style=\"width:70%;\" class=\" nd_options_margin_0 nd_options_padding_0 \" src=\"https:\/\/mandilla.hu\/wp-content\/uploads\/2022\/04\/mandilla-kali-medence-tanosvenyek.jpg\">\n    <\/div>\n   <div style=\"background-color:; height: 30px;\" class=\"nicdark_section  \"><\/div>[\/vc_column][\/vc_row][vc_row][vc_column] <h3 style=\"color:; padding:px; text-align:; font-size:px; line-height:px; letter-spacing: px; font-weight:lighter;\" class=\"    \">Tapolcai-medence tan\u00f6sv\u00e9nyei<\/h3> <div style=\"background-color:; height: 10px;\" class=\"nicdark_section  \"><\/div>[vc_column_text]<a href=\"https:\/\/www.bfnp.hu\/hu\/tanosveny\/tapolcai-medence-tanosvenyek\">R\u00c9SZLETEK<\/a>[\/vc_column_text]<div style=\"background-color:; height: 10px;\" class=\"nicdark_section  \"><\/div>\n    <div style=\"text-align:left;\" class=\"nd_options_section\">\n      <img decoding=\"async\" alt=\"\" style=\"width:70%;\" class=\" nd_options_margin_0 nd_options_padding_0 \" src=\"https:\/\/mandilla.hu\/wp-content\/uploads\/2022\/04\/mandilla-tapolcai-medence-tanosvenyek.jpg\">\n    <\/div>\n   <div style=\"background-color:; height: 30px;\" class=\"nicdark_section  \"><\/div>[\/vc_column][\/vc_row][vc_row][vc_column] <h3 style=\"color:; padding:px; text-align:; font-size:px; line-height:px; letter-spacing: px; font-weight:lighter;\" class=\"    \">K\u0151 k\u00f6v\u00f6n marad<\/h3> <div style=\"background-color:; height: 10px;\" class=\"nicdark_section  \"><\/div>[vc_column_text]Vezetett Geot\u00far\u00e1k a K\u00e1li-medenc\u00e9ben \/\u00a0<a href=\"ttp:\/\/www.geopark.hu\/geoturak\/hol-es-ki-vezet-geoturat\/kali-medence\">R\u00c9SZLETEK<\/a>[\/vc_column_text]<div style=\"background-color:; height: 10px;\" class=\"nicdark_section  \"><\/div>\n    <div style=\"text-align:left;\" class=\"nd_options_section\">\n      <img decoding=\"async\" alt=\"\" style=\"width:70%;\" class=\" nd_options_margin_0 nd_options_padding_0 \" src=\"https:\/\/mandilla.hu\/wp-content\/uploads\/2022\/04\/mandilla-ko-kovon.jpg\">\n    <\/div>\n   <div style=\"background-color:; height: 30px;\" class=\"nicdark_section  \"><\/div>[\/vc_column][\/vc_row]<\/p>\n","protected":false},"excerpt":{"rendered":"<p>[vc_row][vc_column][vc_column_text]Pazar kil\u00e1t\u00e1s egy bazaltvulk\u00e1nr\u00f3l, s\u00e9ta az egykori kr\u00e1terben, Dun\u00e1nt\u00fali K\u0151t\u00e1r \u2013 Balaton-felvid\u00e9ki Nemzeti Park bemutat\u00f3helye.[\/vc_column_text][\/vc_column][\/vc_row][vc_row][vc_column][vc_column_text]Egy telep\u00fcl\u00e9s 3 templomrom \/ R\u00c9SZLETEK[\/vc_column_text][\/vc_column][\/vc_row][vc_row][vc_column][vc_column_text]Overallos t\u00far\u00e1k a Keszthelyi-hegys\u00e9g fokozottan v\u00e9dett barlangj\u00e1ban (10 \u00e9ves kort\u00f3l)[\/vc_column_text][\/vc_column][\/vc_row][vc_row][vc_column][vc_column_text]R\u00c9SZLETEK[\/vc_column_text][\/vc_column][\/vc_row][vc_row][vc_column][vc_column_text]R\u00c9SZLETEK[\/vc_column_text][\/vc_column][\/vc_row][vc_row][vc_column][vc_column_text]Vezetett Geot\u00far\u00e1k a K\u00e1li-medenc\u00e9ben \/\u00a0R\u00c9SZLETEK[\/vc_column_text][\/vc_column][\/vc_row]<\/p>\n","protected":false},"author":1,"featured_media":1986,"comment_status":"open","ping_status":"open","sticky":false,"template":"","format":"standard","meta":{"inline_featured_image":false,"footnotes":""},"categories":[20],"tags":[],"class_list":["post-1982","post","type-post","status-publish","format-standard","has-post-thumbnail","hentry","category-latnivalok"],"_links":{"self":[{"href":"https:\/\/mandilla.hu\/index.php\/wp-json\/wp\/v2\/posts\/1982","targetHints":{"allow":["GET"]}}],"collection":[{"href":"https:\/\/mandilla.hu\/index.php\/wp-json\/wp\/v2\/posts"}],"about":[{"href":"https:\/\/mandilla.hu\/index.php\/wp-json\/wp\/v2\/types\/post"}],"author":[{"embeddable":true,"href":"https:\/\/mandilla.hu\/index.php\/wp-json\/wp\/v2\/users\/1"}],"replies":[{"embeddable":true,"href":"https:\/\/mandilla.hu\/index.php\/wp-json\/wp\/v2\/comments?post=1982"}],"version-history":[{"count":1,"href":"https:\/\/mandilla.hu\/index.php\/wp-json\/wp\/v2\/posts\/1982\/revisions"}],"predecessor-version":[{"id":1991,"href":"https:\/\/mandilla.hu\/index.php\/wp-json\/wp\/v2\/posts\/1982\/revisions\/1991"}],"wp:featuredmedia":[{"embeddable":true,"href":"https:\/\/mandilla.hu\/index.php\/wp-json\/wp\/v2\/media\/1986"}],"wp:attachment":[{"href":"https:\/\/mandilla.hu\/index.php\/wp-json\/wp\/v2\/media?parent=1982"}],"wp:term":[{"taxonomy":"category","embeddable":true,"href":"https:\/\/mandilla.hu\/index.php\/wp-json\/wp\/v2\/categories?post=1982"},{"taxonomy":"post_tag","embeddable":true,"href":"https:\/\/mandilla.hu\/index.php\/wp-json\/wp\/v2\/tags?post=1982"}],"curies":[{"name":"wp","href":"https:\/\/api.w.org\/{rel}","templated":true}]}}